{"id":2918,"global_id":"buurtinfoquartier.be\/nl\/?id=2918","global_id_lineage":["buurtinfoquartier.be\/nl\/?id=2918"],"author":"18","status":"publish","date":"2025-06-12 10:24:05","date_utc":"2025-06-12 08:24:05","modified":"2025-06-12 10:24:08","modified_utc":"2025-06-12 08:24:08","url":"https:\/\/buurtinfoquartier.be\/nl\/agenda\/schaerbeek-et-la-parentalite-regards-croises-pour-un-accompagnement-adapte\/","rest_url":"https:\/\/buurtinfoquartier.be\/nl\/wp-json\/tribe\/events\/v1\/events\/2918","title":"\u00ab\u00a0Schaerbeek et la Parentalit\u00e9 Regards crois\u00e9s pour un accompagnement adapt\u00e9\u00a0\u00bb","description":"<div  class=\"tribe-events-schedule tribe-clearfix\" >\n\t<p class=\"tribe-events-schedule__datetime\">\n\t\t<span class=\"tribe-events-schedule__date tribe-events-schedule__date--start\">\n\t\t\t\t\t<\/span>\n\n\t\t\t\t\t<span class=\"tribe-events-schedule__separator tribe-events-schedule__separator--date\">\n\t\t\t\t @ \t\t\t<\/span>\n\t\t\t<span class=\"tribe-events-schedule__time tribe-events-schedule__time--start\">\n\t\t\t\t\t\t\t<\/span>\n\t\t\n\t\t\t<\/p>\n<\/div>\n\n\n\n<p><em>&#8211; \u00ab&nbsp;Nous sommes comme des pompiers de service pour les parents\u2026&nbsp;\u00bb<\/em><\/p>\n\n\n\n<p><em>&#8211; \u00ab&nbsp;J\u2019aurais besoin d\u2019un accompagnement plus soutenu de la part des professionnels sur l\u2019\u00e9ducation&nbsp;\u00bb<\/em><\/p>\n\n\n\n<p><em>&#8211; \u00ab&nbsp;Ce qui faisait autorit\u00e9 n\u2019est plus l\u00e0 ; il n\u2019y a plus assez de verticalit\u00e9 : arbre-tuteur contenu&#8230;&nbsp;\u00bb<\/em><\/p>\n\n\n\n<p><em>&#8211; \u00ab&nbsp;Nous ne sommes pas sur la m\u00eame longueur dans l\u2019\u00e9ducation de mes enfants avec leur papa. Quand je mets des r\u00e8gles ou des limites, il les retire\u2026&nbsp;\u00bb<\/em><\/p>\n\n\n\n<p>Ces t\u00e9moignages, recueillis dans le cadre de la double enqu\u00eate men\u00e9e par le GT Liens Parentalit\u00e9 1030 de la CASS, r\u00e9sonnent avec force. L\u2019analyse <strong>\u00ab Schaerbeek et la Parentalit\u00e9. Regards crois\u00e9s pour un accompagnement adapt\u00e9 \u00bb <\/strong>nous parle des pr\u00e9occupations des parents et des professionnels et de leur ambition commune : assurer le d\u00e9veloppement, l\u2019\u00e9ducation et le bien-\u00eatre des enfants dans un environnement familial, territorial et social \u00e9quilibr\u00e9 et soutenant.<\/p>\n\n\n\n<p>Elle (d\u00e9)montre surtout \u00e0 quel point la communication et le dialogue sont importants pour un soutien \u00e0 la parentalit\u00e9 bienveillant et inclusif. Pour une relation de confiance o\u00f9 chacun \u00e0 sa place et se sent respect\u00e9.<\/p>\n\n\n\n<p>La CASS vous propose de prendre un moment entre coll\u00e8gues, entre acteurs de terrain, entre professionnels qui accompagnent, accueillent, \u00e9coutent, orientent\u2026 chaque jour, dans leur coin de Schaerbeek.<\/p>\n\n\n\n<p><strong>Une matin\u00e9e en quatre temps :<\/strong><\/p>\n\n\n\n<ul class=\"wp-block-list\">\n<li>Une br\u00e8ve pr\u00e9sentation du GT, du travail d\u2019analyse et de la m\u00e9thodologie utilis\u00e9e<\/li>\n\n\n\n<li>Regards crois\u00e9s de 3 <em>discutants<\/em>\u00a0: quels sont leurs enseignements, questionnements, conclusions\u2026 suite aux r\u00e9sultats de notre enqu\u00eate (voir document en pi\u00e8ce jointe)<\/li>\n\n\n\n<li>Pr\u00e9sentation de 3 initiatives schaerbeekoises en mati\u00e8re de liens parentalit\u00e9\u00a0: Le petit v\u00e9lo jaune \u2013 Les Marmotins \u2013 La Maison de la Parentalit\u00e9<\/li>\n\n\n\n<li>Discussion, d\u00e9bat collectif autour de trois questions\u00a0: Quels constats faisons-nous sur le terrain ? O\u00f9 se situe notre marge de man\u0153uvre ? Quelles autres pratiques inspirantes gagneraient \u00e0 \u00eatre partag\u00e9es ?<\/li>\n<\/ul>\n\n\n\n<p><strong>Informations pratiques&nbsp;:<\/strong><strong><br><\/strong><strong>Date&nbsp;<\/strong><strong>: <\/strong>le mardi 17 juin de 9H00 \u00e0 12H00.<br><strong>Lieu<\/strong><strong>&nbsp;: <\/strong>Maison de la Parentalit\u00e9 \u2013 Rue Dupont, 20<br><strong>Infos et inscriptions<\/strong><strong>&nbsp;:<\/strong> <a href=\"mailto:cass@cpas-schaerbeek.brussels\">cass@cpas-schaerbeek.brussels<\/a><\/p>\n\n\n<div  class=\"tribe-block tribe-block__event-price\" >\n\t\t<\/div>\n\n\n\n\n<div  class=\"tribe-block tribe-block__venue tribe-clearfix\" >\n\t\n\t\t\n\t<\/div>\n\n\n\n\n\t<div  class=\"tribe-block tribe-block__events-link\" >\n\t\t<div class=\"tribe-events tribe-common\">\n\t\t\t<div class=\"tribe-events-c-subscribe-dropdown__container\">\n\t\t\t\t<div class=\"tribe-events-c-subscribe-dropdown\">\n\t\t\t\t\t<div class=\"tribe-common-c-btn-border tribe-events-c-subscribe-dropdown__button\">\n\t\t\t\t\t\t<svg\n\t class=\"tribe-common-c-svgicon tribe-common-c-svgicon--cal-export tribe-events-c-subscribe-dropdown__export-icon\" \taria-hidden=\"true\"\n\tviewBox=\"0 0 23 17\"\n\txmlns=\"http:\/\/www.w3.org\/2000\/svg\"\n>\n\t<path fill-rule=\"evenodd\" clip-rule=\"evenodd\" d=\"M.128.896V16.13c0 .211.145.383.323.383h15.354c.179 0 .323-.172.323-.383V.896c0-.212-.144-.383-.323-.383H.451C.273.513.128.684.128.896Zm16 6.742h-.901V4.679H1.009v10.729h14.218v-3.336h.901V7.638ZM1.01 1.614h14.218v2.058H1.009V1.614Z\" \/>\n\t<path d=\"M20.5 9.846H8.312M18.524 6.953l2.89 2.909-2.855 2.855\" stroke-width=\"1.2\" stroke-linecap=\"round\" stroke-linejoin=\"round\"\/>\n<\/svg>\n\t\t\t\t\t\t<button\n\t\t\t\t\t\t\tclass=\"tribe-events-c-subscribe-dropdown__button-text\"\n\t\t\t\t\t\t\taria-expanded=\"false\"\n\t\t\t\t\t\t\taria-controls=\"tribe-events-subscribe-dropdown-content\"\n\t\t\t\t\t\t\taria-label=\"Links weergeven om evenementen aan je kalender toe te voegen\"\n\t\t\t\t\t\t>\n\t\t\t\t\t\t\tToevoegen aan kalender\t\t\t\t\t\t<\/button>\n\t\t\t\t\t\t<svg\n\t class=\"tribe-common-c-svgicon tribe-common-c-svgicon--caret-down tribe-events-c-subscribe-dropdown__button-icon\" \taria-hidden=\"true\"\n\tviewBox=\"0 0 10 7\"\n\txmlns=\"http:\/\/www.w3.org\/2000\/svg\"\n>\n\t<path fill-rule=\"evenodd\" clip-rule=\"evenodd\" d=\"M1.008.609L5 4.6 8.992.61l.958.958L5 6.517.05 1.566l.958-.958z\" class=\"tribe-common-c-svgicon__svg-fill\"\/>\n<\/svg>\n\t\t\t\t\t<\/div>\n\t\t\t\t\t<div id=\"tribe-events-subscribe-dropdown-content\" class=\"tribe-events-c-subscribe-dropdown__content\">\n\t\t\t\t\t\t<ul class=\"tribe-events-c-subscribe-dropdown__list\">\n\t\t\t\t\t\t\t\t\t\t\t\t\t\t\t<li class=\"tribe-events-c-subscribe-dropdown__list-item tribe-events-c-subscribe-dropdown__list-item--gcal\">\n\t\t\t\t\t\t\t\t\t<a\n\t\t\t\t\t\t\t\t\t\thref=\"\"\n\t\t\t\t\t\t\t\t\t\tclass=\"tribe-events-c-subscribe-dropdown__list-item-link\"\n\t\t\t\t\t\t\t\t\t\ttarget=\"_blank\"\n\t\t\t\t\t\t\t\t\t\trel=\"noopener noreferrer nofollow noindex\"\n\t\t\t\t\t\t\t\t\t>\n\t\t\t\t\t\t\t\t\t\tGoogle Calendar\t\t\t\t\t\t\t\t\t<\/a>\n\t\t\t\t\t\t\t\t<\/li>\n\t\t\t\t\t\t\t\t\t\t\t\t\t\t\t<li class=\"tribe-events-c-subscribe-dropdown__list-item tribe-events-c-subscribe-dropdown__list-item--ical\">\n\t\t\t\t\t\t\t\t\t<a\n\t\t\t\t\t\t\t\t\t\thref=\"\"\n\t\t\t\t\t\t\t\t\t\tclass=\"tribe-events-c-subscribe-dropdown__list-item-link\"\n\t\t\t\t\t\t\t\t\t\ttarget=\"_blank\"\n\t\t\t\t\t\t\t\t\t\trel=\"noopener noreferrer nofollow noindex\"\n\t\t\t\t\t\t\t\t\t>\n\t\t\t\t\t\t\t\t\t\tiCalendar\t\t\t\t\t\t\t\t\t<\/a>\n\t\t\t\t\t\t\t\t<\/li>\n\t\t\t\t\t\t\t\t\t\t\t\t\t\t\t<li class=\"tribe-events-c-subscribe-dropdown__list-item tribe-events-c-subscribe-dropdown__list-item--outlook-365\">\n\t\t\t\t\t\t\t\t\t<a\n\t\t\t\t\t\t\t\t\t\thref=\"\"\n\t\t\t\t\t\t\t\t\t\tclass=\"tribe-events-c-subscribe-dropdown__list-item-link\"\n\t\t\t\t\t\t\t\t\t\ttarget=\"_blank\"\n\t\t\t\t\t\t\t\t\t\trel=\"noopener noreferrer nofollow noindex\"\n\t\t\t\t\t\t\t\t\t>\n\t\t\t\t\t\t\t\t\t\tOutlook 365\t\t\t\t\t\t\t\t\t<\/a>\n\t\t\t\t\t\t\t\t<\/li>\n\t\t\t\t\t\t\t\t\t\t\t\t\t\t\t<li class=\"tribe-events-c-subscribe-dropdown__list-item tribe-events-c-subscribe-dropdown__list-item--outlook-live\">\n\t\t\t\t\t\t\t\t\t<a\n\t\t\t\t\t\t\t\t\t\thref=\"\"\n\t\t\t\t\t\t\t\t\t\tclass=\"tribe-events-c-subscribe-dropdown__list-item-link\"\n\t\t\t\t\t\t\t\t\t\ttarget=\"_blank\"\n\t\t\t\t\t\t\t\t\t\trel=\"noopener noreferrer nofollow noindex\"\n\t\t\t\t\t\t\t\t\t>\n\t\t\t\t\t\t\t\t\t\tOutlook Live\t\t\t\t\t\t\t\t\t<\/a>\n\t\t\t\t\t\t\t\t<\/li>\n\t\t\t\t\t\t\t\t\t\t\t\t\t<\/ul>\n\t\t\t\t\t<\/div>\n\t\t\t\t<\/div>\n\t\t\t<\/div>\n\t\t<\/div>\n\t<\/div>","excerpt":"","slug":"schaerbeek-et-la-parentalite-regards-croises-pour-un-accompagnement-adapte","image":{"url":"https:\/\/buurtinfoquartier.be\/wp-content\/uploads\/2025\/06\/La-Maison-des-Parents.jpg","id":2915,"extension":"jpg","width":259,"height":194,"filesize":20221,"sizes":{"thumbnail":{"width":150,"height":150,"mime-type":"image\/jpeg","filesize":11593,"url":"https:\/\/buurtinfoquartier.be\/wp-content\/uploads\/2025\/06\/La-Maison-des-Parents-150x150.jpg"},"entity-list":{"width":200,"height":194,"mime-type":"image\/jpeg","filesize":22525,"url":"https:\/\/buurtinfoquartier.be\/wp-content\/uploads\/2025\/06\/La-Maison-des-Parents-200x194.jpg"}}},"all_day":false,"start_date":"2025-06-17 09:00:00","start_date_details":{"year":"2025","month":"06","day":"17","hour":"09","minutes":"00","seconds":"00"},"end_date":"2025-06-17 12:00:00","end_date_details":{"year":"2025","month":"06","day":"17","hour":"12","minutes":"00","seconds":"00"},"utc_start_date":"2025-06-17 07:00:00","utc_start_date_details":{"year":"2025","month":"06","day":"17","hour":"07","minutes":"00","seconds":"00"},"utc_end_date":"2025-06-17 10:00:00","utc_end_date_details":{"year":"2025","month":"06","day":"17","hour":"10","minutes":"00","seconds":"00"},"timezone":"Europe\/Brussels","timezone_abbr":"","cost":"","cost_details":{"currency_symbol":"\u20ac","currency_code":"EUR","currency_position":"suffix","values":[]},"website":"","show_map":false,"show_map_link":false,"hide_from_listings":false,"sticky":false,"featured":false,"categories":[],"tags":[],"venue":[],"organizer":[],"custom_fields":[],"json_ld":{"@context":"http:\/\/schema.org","@type":"Event","name":"\u00ab\u00a0Schaerbeek et la Parentalit\u00e9 Regards crois\u00e9s pour un accompagnement adapt\u00e9\u00a0\u00bb","description":"&lt;p&gt;- \u00ab&nbsp;Nous sommes comme des pompiers de service pour les parents\u2026&nbsp;\u00bb - \u00ab&nbsp;J\u2019aurais besoin d\u2019un accompagnement plus soutenu de la part des professionnels sur l\u2019\u00e9ducation&nbsp;\u00bb - \u00ab&nbsp;Ce qui faisait autorit\u00e9 [&hellip;]&lt;\/p&gt;\\n","image":"https:\/\/buurtinfoquartier.be\/wp-content\/uploads\/2025\/06\/La-Maison-des-Parents.jpg","url":"https:\/\/buurtinfoquartier.be\/nl\/agenda\/schaerbeek-et-la-parentalite-regards-croises-pour-un-accompagnement-adapte\/","eventAttendanceMode":"https:\/\/schema.org\/OfflineEventAttendanceMode","eventStatus":"https:\/\/schema.org\/EventScheduled","startDate":"2025-06-17T09:00:00+02:00","endDate":"2025-06-17T12:00:00+02:00","performer":"Organization"},"is_virtual":false,"virtual_url":null,"virtual_video_source":""}