{"id":2462,"global_id":"buurtinfoquartier.be\/nl\/?id=2462","global_id_lineage":["buurtinfoquartier.be\/nl\/?id=2462"],"author":"11","status":"publish","date":"2024-10-17 15:28:52","date_utc":"2024-10-17 13:28:52","modified":"2024-10-17 15:42:13","modified_utc":"2024-10-17 13:42:13","url":"https:\/\/buurtinfoquartier.be\/nl\/agenda\/malette-pedagogique-parents-ecoles-evenement-de-lancement\/","rest_url":"https:\/\/buurtinfoquartier.be\/nl\/wp-json\/tribe\/events\/v1\/events\/2462","title":"Malette p\u00e9dagogique parents-\u00e9coles : \u00c9v\u00e9nement de lancement","description":"<div dir=\"auto\" data-olk-copy-source=\"MessageBody\">Le collectif de parents et intervenants du monde scolaire et extra-scolaire \u00ab <b>Et si on se parlait!<\/b> \u00bb a le plaisir de vous inviter \u00e0 la rencontre du <b>26 novembre 2024<\/b>, d\u00e9di\u00e9e au\u00a0<b>lancement de la mallette p\u00e9dagogique Parents &#8211; \u00c9cole<\/b>. L\u2019\u00e9v\u00e9nement aura lieu \u00e0<b>\u00a0la salle Tanger, situ\u00e9e \u00e0 proximit\u00e9 du Botanique, au\u00a0<a href=\"https:\/\/www.google.com\/maps\/search\/284+Rue+Royale,+1210+Saint-Josse-Ten-Noode?entry=gmail&amp;source=g\" target=\"_blank\" rel=\"noopener noreferrer\" data-saferedirecturl=\"https:\/\/www.google.com\/url?q=https:\/\/www.google.com\/maps\/search\/284%2BRue%2BRoyale,%2B1210%2BSaint-Josse-Ten-Noode?entry%3Dgmail%26source%3Dg&amp;source=gmail&amp;ust=1728990069260000&amp;usg=AOvVaw1pVRJjP3tozCcroTaVQtOE\" data-auth=\"NotApplicable\" data-linkindex=\"0\">284 Rue Royale, 1210 Saint-Josse-Ten-Noode<\/a>.<\/b><\/div>\n<div dir=\"auto\"><\/div>\n<div dir=\"auto\">Cette journ\u00e9e est destin\u00e9e \u00e0 la fois aux intervenants du milieu scolaire et aux professionnels des milieux associatifs, AMO et autres services travaillant dans l\u2019accompagnement des jeunes et des familles.<\/div>\n<p><b>Il est possible de s&#8217;inscrire \u00e0 l&#8217;une des deux sessions, soit le matin, soit l\u2019apr\u00e8s-midi du 26 novembre<\/b>. L\u2019inscription est gratuite, mais obligatoire avant le 12 novembre, en raison du nombre de places limit\u00e9. Merci de remplir un formulaire distinct pour chaque personne inscrite.<\/p>\n<p><strong>Infos : etsionseparlait2024@gmail.com<\/strong><\/p>\n<p>Inscription via ce <b><a href=\"https:\/\/docs.google.com\/forms\/d\/e\/1FAIpQLScQAwciaWIYHGqQ7CFhL1yMfpeqrt8pGQiVq7ZkpVokP0gSgA\/viewform\">lien<\/a><\/b><\/p>\n<p>&nbsp;<\/p>\n<p>LE PROJET<br \/>\nCette initiative est n\u00e9e de notre volont\u00e9 de renforcer les liens entre les \u00e9coles et les<br \/>\nparents, reconnaissant ainsi l\u2019importance cruciale de cette collaboration pour le<br \/>\nbien-\u00eatre et la r\u00e9ussite des enfants.<br \/>\nA l\u2019origine de ce projet se trouve une s\u00e9rie de constats et de r\u00e9flexions sur les d\u00e9fis<br \/>\nauxquels sont confront\u00e9s les parents et les professionnels de l\u2019\u00e9ducation dans leurs<br \/>\nrelations au sein de l\u2019\u00e9cole. Nous avons notamment constat\u00e9 la n\u00e9cessit\u00e9 de cr\u00e9er<br \/>\ndes outils concrets et adapt\u00e9s pour faciliter cette collaboration et favoriser un<br \/>\nenvironnement \u00e9ducatif bienveillant.<br \/>\nCe projet vise donc \u00e0 fournir aux \u00e9coles et aux associations du monde extrascolaire<br \/>\ndes outils p\u00e9dagogiques innovants et pratiques con\u00e7us pour encourager la<br \/>\nparticipation active des parents dans la vie scolaire de leurs enfants, tout en<br \/>\nfavorisant une communication ouverte et constructive entre les parents et les<br \/>\nprofessionnels de l\u2019\u00e9ducation.<\/p>\n<p>LA MALLETTE P\u00c9DAGOGIQUE PARENTS-\u00c9COLE<br \/>\nCette pr\u00e9sentation inclut 4 supports\/outils pour mieux comprendre le<br \/>\nfonctionnement de l&#8217;\u00e9cole et renforcer la relation entre les parents et les<br \/>\nprofessionnel.les de l&#8217;\u00e9ducation.<br \/>\nNous invitons donc les professionnels de l\u2019\u00e9ducation, les parents et les associations \u00e0<br \/>\nnous rejoindre pour c\u00e9l\u00e9brer ensemble le lancement de ce projet novateur. Des<br \/>\nd\u00e9monstrations en direct des diff\u00e9rents outils seront propos\u00e9es, suivies d\u2019une session<br \/>\nde questions-r\u00e9ponses et d\u2019un moment convivial autour d\u2019un petit d\u00e9jeuner (pour la<br \/>\ns\u00e9ance du matin) ou d\u2019un go\u00fbter gourmand (pour la s\u00e9ance de l\u2019apr\u00e8s-midi)<\/p>\n<div dir=\"auto\"><\/div>","excerpt":"","slug":"malette-pedagogique-parents-ecoles-evenement-de-lancement","image":{"url":"https:\/\/buurtinfoquartier.be\/wp-content\/uploads\/2024\/10\/Flyers-A5-Affiche-A4-Lancement-Mallette-Pedagogique-Parents-ecoles-2-pdf.jpg","id":2463,"extension":"pdf"},"all_day":true,"start_date":"2024-11-26 00:00:00","start_date_details":{"year":"2024","month":"11","day":"26","hour":"00","minutes":"00","seconds":"00"},"end_date":"2024-11-26 23:59:59","end_date_details":{"year":"2024","month":"11","day":"26","hour":"23","minutes":"59","seconds":"59"},"utc_start_date":"2024-11-25 23:00:00","utc_start_date_details":{"year":"2024","month":"11","day":"25","hour":"23","minutes":"00","seconds":"00"},"utc_end_date":"2024-11-26 22:59:59","utc_end_date_details":{"year":"2024","month":"11","day":"26","hour":"22","minutes":"59","seconds":"59"},"timezone":"Europe\/Brussels","timezone_abbr":"CET","cost":"","cost_details":{"currency_symbol":"\u20ac","currency_code":"EUR","currency_position":"suffix","values":[]},"website":"","show_map":true,"show_map_link":true,"hide_from_listings":false,"sticky":false,"featured":false,"categories":[{"name":"Ev\u00e9nements et festivit\u00e9s","slug":"evenements-et-festivites","term_group":0,"term_taxonomy_id":437,"taxonomy":"tribe_events_cat","description":"","parent":0,"count":32,"filter":"raw","id":437,"urls":{"self":"https:\/\/buurtinfoquartier.be\/nl\/wp-json\/tribe\/events\/v1\/categories\/437","collection":"https:\/\/buurtinfoquartier.be\/nl\/wp-json\/tribe\/events\/v1\/categories"}}],"tags":[{"name":"Tous","slug":"tous","term_group":0,"term_taxonomy_id":445,"taxonomy":"post_tag","description":"","parent":0,"count":61,"filter":"raw","id":445,"urls":{"self":"https:\/\/buurtinfoquartier.be\/nl\/wp-json\/tribe\/events\/v1\/tags\/445","collection":"https:\/\/buurtinfoquartier.be\/nl\/wp-json\/tribe\/events\/v1\/tags"}}],"venue":{"id":2465,"author":"11","status":"publish","date":"2024-10-17 15:28:52","date_utc":"2024-10-17 13:28:52","modified":"2024-10-17 15:28:52","modified_utc":"2024-10-17 13:28:52","url":"https:\/\/buurtinfoquartier.be\/locatie\/284-rue-royale-1210-saint-josse\/","venue":"284 rue royale 1210 saint-josse","slug":"284-rue-royale-1210-saint-josse","address":"rue royale 284","city":"saint-josse","country":"Belgique","zip":"1210","json_ld":{"@type":"Place","name":"284 rue royale 1210 saint-josse","description":"","url":"https:\/\/buurtinfoquartier.be\/locatie\/284-rue-royale-1210-saint-josse\/","address":{"@type":"PostalAddress","streetAddress":"rue royale 284","addressLocality":"saint-josse","postalCode":"1210","addressCountry":"Belgique"},"telephone":"","sameAs":""},"show_map":false,"show_map_link":false,"global_id":"buurtinfoquartier.be\/nl\/?id=2465","global_id_lineage":["buurtinfoquartier.be\/nl\/?id=2465"]},"organizer":[],"custom_fields":[],"json_ld":{"@context":"http:\/\/schema.org","@type":"Event","name":"Malette p\u00e9dagogique parents-\u00e9coles : \u00c9v\u00e9nement de lancement","description":"&lt;p&gt;Le collectif de parents et intervenants du monde scolaire et extra-scolaire \u00ab Et si on se parlait! \u00bb a le plaisir de vous inviter \u00e0 la rencontre du 26 novembre [&hellip;]&lt;\/p&gt;\\n","image":"https:\/\/buurtinfoquartier.be\/wp-content\/uploads\/2024\/10\/Flyers-A5-Affiche-A4-Lancement-Mallette-Pedagogique-Parents-ecoles-2.pdf","url":"https:\/\/buurtinfoquartier.be\/nl\/agenda\/malette-pedagogique-parents-ecoles-evenement-de-lancement\/","eventAttendanceMode":"https:\/\/schema.org\/OfflineEventAttendanceMode","eventStatus":"https:\/\/schema.org\/EventScheduled","startDate":"2024-11-26T00:00:00+01:00","endDate":"2024-11-26T23:59:59+01:00","location":{"@type":"Place","name":"284 rue royale 1210 saint-josse","description":"","url":"https:\/\/buurtinfoquartier.be\/locatie\/284-rue-royale-1210-saint-josse\/","address":{"@type":"PostalAddress","streetAddress":"rue royale 284","addressLocality":"saint-josse","postalCode":"1210","addressCountry":"Belgique"},"telephone":"","sameAs":""},"performer":"Organization"},"is_virtual":false,"virtual_url":null,"virtual_video_source":""}